{"id":1941,"date":"2021-07-24T11:05:24","date_gmt":"2021-07-24T09:05:24","guid":{"rendered":"https:\/\/bis-art.com\/?p=1941"},"modified":"2021-08-26T17:21:18","modified_gmt":"2021-08-26T15:21:18","slug":"entretien-avec-martine-feipel-et-jean-bechameil","status":"publish","type":"post","link":"https:\/\/bis-art.com\/index.php\/2021\/07\/24\/entretien-avec-martine-feipel-et-jean-bechameil\/","title":{"rendered":"Entretien avec  Martine Feipel et Jean Bechameil"},"content":{"rendered":"\n<div style=\"height:60px\" aria-hidden=\"true\" class=\"wp-block-spacer\"><\/div>\n\n\n\n<div class=\"wp-block-columns\">\n<div class=\"wp-block-column\" style=\"flex-basis:33.33%\">\n<figure class=\"wp-block-image size-large is-resized is-style-default\"><img loading=\"lazy\" src=\"https:\/\/bis-art.com\/wp-content\/uploads\/2021\/07\/EntretienFeipelBechameil.png\" alt=\"\" class=\"wp-image-1942\" width=\"300\" height=\"300\" srcset=\"https:\/\/bis-art.com\/wp-content\/uploads\/2021\/07\/EntretienFeipelBechameil.png 500w, https:\/\/bis-art.com\/wp-content\/uploads\/2021\/07\/EntretienFeipelBechameil-300x300.png 300w, https:\/\/bis-art.com\/wp-content\/uploads\/2021\/07\/EntretienFeipelBechameil-150x150.png 150w\" sizes=\"(max-width: 300px) 100vw, 300px\" \/><\/figure>\n<\/div>\n\n\n\n<div class=\"wp-block-column\" style=\"flex-basis:66.66%\">\n<h2>Entretien avec Martine Feipel et Jean Bechameil<\/h2>\n<p>Place de la Courtine sous les remparts, \u00e0 Saint-Paul de Vence .<\/p>\n<p><em>Moon in the tree<\/em>&nbsp;nous offre \u00e0 r\u00e9inventer une forme de convivialit\u00e9 et \u00e0 inspirer une vision po\u00e9tique de notre quotidien et du partage&#8230;<\/p>\n<h3><span style=\"color: #b12763;\"><a style=\"color: #b12763;\" href=\"https:\/\/bis-art.com\/index.php\/martine-feipel-jean-bechameil\/\">&gt; Martine Feipel et Jean Bechameil<\/a><\/span><\/h3>\n<\/div>\n<\/div>\n\n\n\n<div style=\"height:30px\" aria-hidden=\"true\" class=\"wp-block-spacer\"><\/div>\n\n\n\n<figure class=\"wp-block-embed is-type-video is-provider-youtube wp-block-embed-youtube wp-embed-aspect-16-9 wp-has-aspect-ratio\"><div class=\"wp-block-embed__wrapper\">\n<div class=\"ast-oembed-container\" style=\"height: 100%;\"><iframe title=\"BIS 2021 - Entretien avec Martine Feipel &amp; Jean Bechameil\" width=\"500\" height=\"281\" src=\"https:\/\/www.youtube.com\/embed\/F2V71A9b5MI?feature=oembed\" frameborder=\"0\" allow=\"accelerometer; autoplay; clipboard-write; encrypted-media; gyroscope; picture-in-picture\" allowfullscreen><\/iframe><\/div>\n<\/div><\/figure>\n\n\n\n<div style=\"height:60px\" aria-hidden=\"true\" class=\"wp-block-spacer\"><\/div>\n","protected":false},"excerpt":{"rendered":"<p>Entretien avec Martine Feipel et Jean Bechameil Place de la Courtine sous les remparts, \u00e0 Saint-Paul de Vence . Moon in the tree&nbsp;nous offre \u00e0 r\u00e9inventer une forme de convivialit\u00e9 et \u00e0 inspirer une vision po\u00e9tique de notre quotidien et du partage&#8230; &gt; Martine Feipel et Jean Bechameil<\/p>\n","protected":false},"author":1,"featured_media":0,"comment_status":"closed","ping_status":"closed","sticky":false,"template":"","format":"standard","meta":{"site-sidebar-layout":"default","site-content-layout":"default","ast-global-header-display":"","ast-main-header-display":"","ast-hfb-above-header-display":"","ast-hfb-below-header-display":"","ast-hfb-mobile-header-display":"","site-post-title":"disabled","ast-breadcrumbs-content":"disabled","ast-featured-img":"","footer-sml-layout":"","theme-transparent-header-meta":"default","adv-header-id-meta":"","stick-header-meta":"default","header-above-stick-meta":"","header-main-stick-meta":"","header-below-stick-meta":""},"categories":[28],"tags":[],"_links":{"self":[{"href":"https:\/\/bis-art.com\/index.php\/wp-json\/wp\/v2\/posts\/1941"}],"collection":[{"href":"https:\/\/bis-art.com\/index.php\/wp-json\/wp\/v2\/posts"}],"about":[{"href":"https:\/\/bis-art.com\/index.php\/wp-json\/wp\/v2\/types\/post"}],"author":[{"embeddable":true,"href":"https:\/\/bis-art.com\/index.php\/wp-json\/wp\/v2\/users\/1"}],"replies":[{"embeddable":true,"href":"https:\/\/bis-art.com\/index.php\/wp-json\/wp\/v2\/comments?post=1941"}],"version-history":[{"count":3,"href":"https:\/\/bis-art.com\/index.php\/wp-json\/wp\/v2\/posts\/1941\/revisions"}],"predecessor-version":[{"id":1991,"href":"https:\/\/bis-art.com\/index.php\/wp-json\/wp\/v2\/posts\/1941\/revisions\/1991"}],"wp:attachment":[{"href":"https:\/\/bis-art.com\/index.php\/wp-json\/wp\/v2\/media?parent=1941"}],"wp:term":[{"taxonomy":"category","embeddable":true,"href":"https:\/\/bis-art.com\/index.php\/wp-json\/wp\/v2\/categories?post=1941"},{"taxonomy":"post_tag","embeddable":true,"href":"https:\/\/bis-art.com\/index.php\/wp-json\/wp\/v2\/tags?post=1941"}],"curies":[{"name":"wp","href":"https:\/\/api.w.org\/{rel}","templated":true}]}}