{"id":1947,"date":"2021-07-24T11:30:40","date_gmt":"2021-07-24T09:30:40","guid":{"rendered":"https:\/\/bis-art.com\/?p=1947"},"modified":"2021-07-24T11:30:41","modified_gmt":"2021-07-24T09:30:41","slug":"invitation-samedi-31-juillet-a-18h00","status":"publish","type":"post","link":"https:\/\/bis-art.com\/index.php\/2021\/07\/24\/invitation-samedi-31-juillet-a-18h00\/","title":{"rendered":"Invitation Samedi 31 juillet \u00e0\u00a018h00"},"content":{"rendered":"\n<div style=\"height:60px\" aria-hidden=\"true\" class=\"wp-block-spacer\"><\/div>\n\n\n\n<div class=\"wp-block-columns\">\n<div class=\"wp-block-column\" style=\"flex-basis:33.33%\">\n<figure class=\"wp-block-image size-large is-resized is-style-default\"><img loading=\"lazy\" src=\"https:\/\/bis-art.com\/wp-content\/uploads\/2021\/07\/tourmachicoulis.png\" alt=\"\" class=\"wp-image-1949\" width=\"300\" height=\"300\" srcset=\"https:\/\/bis-art.com\/wp-content\/uploads\/2021\/07\/tourmachicoulis.png 500w, https:\/\/bis-art.com\/wp-content\/uploads\/2021\/07\/tourmachicoulis-300x300.png 300w, https:\/\/bis-art.com\/wp-content\/uploads\/2021\/07\/tourmachicoulis-150x150.png 150w\" sizes=\"(max-width: 300px) 100vw, 300px\" \/><\/figure>\n<\/div>\n\n\n\n<div class=\"wp-block-column\" style=\"flex-basis:66.66%\">\n<h3>La Biennale Internationale de Saint-Paul de Vence vous donne rendez-vous !<\/h3>\n<p><strong>Projection du film de l\u2019exposition<br \/>Samedi 31 juillet \u00e0\u00a018h00<br \/><\/strong>Auditorium de Saint-Paul de Vence\u00a0 \u2013 150 route des Serres<\/p>\n<div>\n<p>Film produit par l\u2019association BIS et r\u00e9alis\u00e9 par Gautier Ferrero dans le cadre de l\u2019exposition, avec la participation des artistes de la Biennale :<br \/>Awena Cozannet, Martine Feipel &amp; Jean Bechameil, St\u00e9phane Guiran, Quentin Lefranc, Charles Le Hyaric, Juliette Minchin, Linda Sanchez, Pierre-Alexandre Savriacouty, Sc\u00e9nocome : Gr\u00e9gory Lasserre, \u00c9lodie Seguin et Delphine WIbaux.<\/p>\n<\/div>\n<p><strong>Signature du catalogue de l\u2019exposition<br \/>Samedi 31 juillet \u00e0\u00a019h00<br \/><\/strong>Auditorium de Saint-Paul de Vence \u2013 150 route des Serres<\/p>\n<p>Pr\u00e9sentation du catalogue de l\u2019exposition et signature.<\/p>\n<p><strong>Entr\u00e9e libre \u2013 R\u00e9servation souhait\u00e9e\u00a0<a href=\"mailto:bis@bis-art.com\">bis@bis-art.com<\/a>.<br \/><\/strong>Pour vous accueillir en toute s\u00e9curit\u00e9 : pass sanitaire requis, masque obligatoire \u00e0 partir de 11 ans, respect des gestes barri\u00e8res.<\/p>\n<\/div>\n<\/div>\n\n\n\n<div style=\"height:60px\" aria-hidden=\"true\" class=\"wp-block-spacer\"><\/div>\n\n\n\n<p><\/p>\n","protected":false},"excerpt":{"rendered":"<p>La Biennale Internationale de Saint-Paul de Vence vous donne rendez-vous ! Projection du film de l\u2019expositionSamedi 31 juillet \u00e0\u00a018h00Auditorium de Saint-Paul de Vence\u00a0 \u2013 150 route des Serres Film produit par l\u2019association BIS et r\u00e9alis\u00e9 par Gautier Ferrero dans le cadre de l\u2019exposition, avec la participation des artistes de la Biennale :Awena Cozannet, Martine Feipel &hellip;<\/p>\n<p class=\"read-more\"> <a class=\"\" href=\"https:\/\/bis-art.com\/index.php\/2021\/07\/24\/invitation-samedi-31-juillet-a-18h00\/\"> <span class=\"screen-reader-text\">Invitation Samedi 31 juillet \u00e0\u00a018h00<\/span> Lire la suite \u00bb<\/a><\/p>\n","protected":false},"author":1,"featured_media":0,"comment_status":"closed","ping_status":"closed","sticky":false,"template":"","format":"standard","meta":{"site-sidebar-layout":"default","site-content-layout":"default","ast-global-header-display":"","ast-main-header-display":"","ast-hfb-above-header-display":"","ast-hfb-below-header-display":"","ast-hfb-mobile-header-display":"","site-post-title":"disabled","ast-breadcrumbs-content":"disabled","ast-featured-img":"","footer-sml-layout":"","theme-transparent-header-meta":"default","adv-header-id-meta":"","stick-header-meta":"default","header-above-stick-meta":"","header-main-stick-meta":"","header-below-stick-meta":""},"categories":[28],"tags":[],"_links":{"self":[{"href":"https:\/\/bis-art.com\/index.php\/wp-json\/wp\/v2\/posts\/1947"}],"collection":[{"href":"https:\/\/bis-art.com\/index.php\/wp-json\/wp\/v2\/posts"}],"about":[{"href":"https:\/\/bis-art.com\/index.php\/wp-json\/wp\/v2\/types\/post"}],"author":[{"embeddable":true,"href":"https:\/\/bis-art.com\/index.php\/wp-json\/wp\/v2\/users\/1"}],"replies":[{"embeddable":true,"href":"https:\/\/bis-art.com\/index.php\/wp-json\/wp\/v2\/comments?post=1947"}],"version-history":[{"count":2,"href":"https:\/\/bis-art.com\/index.php\/wp-json\/wp\/v2\/posts\/1947\/revisions"}],"predecessor-version":[{"id":1950,"href":"https:\/\/bis-art.com\/index.php\/wp-json\/wp\/v2\/posts\/1947\/revisions\/1950"}],"wp:attachment":[{"href":"https:\/\/bis-art.com\/index.php\/wp-json\/wp\/v2\/media?parent=1947"}],"wp:term":[{"taxonomy":"category","embeddable":true,"href":"https:\/\/bis-art.com\/index.php\/wp-json\/wp\/v2\/categories?post=1947"},{"taxonomy":"post_tag","embeddable":true,"href":"https:\/\/bis-art.com\/index.php\/wp-json\/wp\/v2\/tags?post=1947"}],"curies":[{"name":"wp","href":"https:\/\/api.w.org\/{rel}","templated":true}]}}