{"id":1963,"date":"2021-07-30T17:26:38","date_gmt":"2021-07-30T15:26:38","guid":{"rendered":"https:\/\/bis-art.com\/?p=1963"},"modified":"2021-07-30T17:27:33","modified_gmt":"2021-07-30T15:27:33","slug":"le-film-de-la-biennale-extrait-3","status":"publish","type":"post","link":"https:\/\/bis-art.com\/index.php\/2021\/07\/30\/le-film-de-la-biennale-extrait-3\/","title":{"rendered":"Le film de la Biennale &#8211; Extrait 3"},"content":{"rendered":"\n<div style=\"height:60px\" aria-hidden=\"true\" class=\"wp-block-spacer\"><\/div>\n\n\n\n<div class=\"wp-block-columns\">\n<div class=\"wp-block-column\" style=\"flex-basis:33.33%\">\n<figure class=\"wp-block-image size-large is-resized is-style-default\"><img loading=\"lazy\" src=\"https:\/\/bis-art.com\/wp-content\/uploads\/2021\/07\/BIS-2021-Le-film-Extrait-3.png\" alt=\"\" class=\"wp-image-1964\" width=\"300\" height=\"300\" srcset=\"https:\/\/bis-art.com\/wp-content\/uploads\/2021\/07\/BIS-2021-Le-film-Extrait-3.png 500w, https:\/\/bis-art.com\/wp-content\/uploads\/2021\/07\/BIS-2021-Le-film-Extrait-3-300x300.png 300w, https:\/\/bis-art.com\/wp-content\/uploads\/2021\/07\/BIS-2021-Le-film-Extrait-3-150x150.png 150w\" sizes=\"(max-width: 300px) 100vw, 300px\" \/><\/figure>\n<\/div>\n\n\n\n<div class=\"wp-block-column\" style=\"flex-basis:66.66%\">\n<h2>Le film de la Biennale &#8211; Extrait 3<\/h2>\n<p>Film produit par l\u2019association BIS et r\u00e9alis\u00e9 par Gautier Ferrero dans le cadre de l\u2019exposition, avec la participation des artistes de la Biennale :<br \/>Awena Cozannet, Martine Feipel &amp; Jean Bechameil, St\u00e9phane Guiran, Quentin Lefranc, Charles Le Hyaric, Juliette Minchin, Linda Sanchez, Pierre-Alexandre Savriacouty, Sc\u00e9nocome : Gr\u00e9gory Lasserre, \u00c9lodie Seguin et Delphine WIbaux.<\/p>\n\n\n\n<div style=\"height:30px\" aria-hidden=\"true\" class=\"wp-block-spacer\"><\/div>\n\n\n\n<figure class=\"wp-block-embed is-type-video is-provider-youtube wp-block-embed-youtube wp-embed-aspect-16-9 wp-has-aspect-ratio\"><div class=\"wp-block-embed__wrapper\">\n<div class=\"ast-oembed-container\" style=\"height: 100%;\"><iframe title=\"BIS 2021 -   Extrait 3 - Le film de la Biennale\" width=\"500\" height=\"281\" src=\"https:\/\/www.youtube.com\/embed\/uipodp5bmZk?feature=oembed\" frameborder=\"0\" allow=\"accelerometer; autoplay; clipboard-write; encrypted-media; gyroscope; picture-in-picture; web-share\" allowfullscreen><\/iframe><\/div>\n<\/div><\/figure>\n<\/div>\n<\/div>\n\n\n\n<div style=\"height:60px\" aria-hidden=\"true\" class=\"wp-block-spacer\"><\/div>\n\n\n\n<p><\/p>\n","protected":false},"excerpt":{"rendered":"<p>Le film de la Biennale &#8211; Extrait 3 Film produit par l\u2019association BIS et r\u00e9alis\u00e9 par Gautier Ferrero dans le cadre de l\u2019exposition, avec la participation des artistes de la Biennale :Awena Cozannet, Martine Feipel &amp; Jean Bechameil, St\u00e9phane Guiran, Quentin Lefranc, Charles Le Hyaric, Juliette Minchin, Linda Sanchez, Pierre-Alexandre Savriacouty, Sc\u00e9nocome : Gr\u00e9gory Lasserre, &hellip;<\/p>\n<p class=\"read-more\"> <a class=\"\" href=\"https:\/\/bis-art.com\/index.php\/2021\/07\/30\/le-film-de-la-biennale-extrait-3\/\"> <span class=\"screen-reader-text\">Le film de la Biennale &#8211; Extrait 3<\/span> Lire la suite \u00bb<\/a><\/p>\n","protected":false},"author":1,"featured_media":0,"comment_status":"closed","ping_status":"closed","sticky":false,"template":"","format":"standard","meta":{"site-sidebar-layout":"default","site-content-layout":"default","ast-global-header-display":"","ast-main-header-display":"","ast-hfb-above-header-display":"","ast-hfb-below-header-display":"","ast-hfb-mobile-header-display":"","site-post-title":"disabled","ast-breadcrumbs-content":"disabled","ast-featured-img":"","footer-sml-layout":"","theme-transparent-header-meta":"default","adv-header-id-meta":"","stick-header-meta":"default","header-above-stick-meta":"","header-main-stick-meta":"","header-below-stick-meta":""},"categories":[28],"tags":[],"_links":{"self":[{"href":"https:\/\/bis-art.com\/index.php\/wp-json\/wp\/v2\/posts\/1963"}],"collection":[{"href":"https:\/\/bis-art.com\/index.php\/wp-json\/wp\/v2\/posts"}],"about":[{"href":"https:\/\/bis-art.com\/index.php\/wp-json\/wp\/v2\/types\/post"}],"author":[{"embeddable":true,"href":"https:\/\/bis-art.com\/index.php\/wp-json\/wp\/v2\/users\/1"}],"replies":[{"embeddable":true,"href":"https:\/\/bis-art.com\/index.php\/wp-json\/wp\/v2\/comments?post=1963"}],"version-history":[{"count":4,"href":"https:\/\/bis-art.com\/index.php\/wp-json\/wp\/v2\/posts\/1963\/revisions"}],"predecessor-version":[{"id":3498,"href":"https:\/\/bis-art.com\/index.php\/wp-json\/wp\/v2\/posts\/1963\/revisions\/3498"}],"wp:attachment":[{"href":"https:\/\/bis-art.com\/index.php\/wp-json\/wp\/v2\/media?parent=1963"}],"wp:term":[{"taxonomy":"category","embeddable":true,"href":"https:\/\/bis-art.com\/index.php\/wp-json\/wp\/v2\/categories?post=1963"},{"taxonomy":"post_tag","embeddable":true,"href":"https:\/\/bis-art.com\/index.php\/wp-json\/wp\/v2\/tags?post=1963"}],"curies":[{"name":"wp","href":"https:\/\/api.w.org\/{rel}","templated":true}]}}