{"id":1971,"date":"2021-08-12T17:38:07","date_gmt":"2021-08-12T15:38:07","guid":{"rendered":"https:\/\/bis-art.com\/?p=1971"},"modified":"2021-08-14T17:03:04","modified_gmt":"2021-08-14T15:03:04","slug":"ateliers-artistiques","status":"publish","type":"post","link":"https:\/\/bis-art.com\/index.php\/2021\/08\/12\/ateliers-artistiques\/","title":{"rendered":"Ateliers artistiques"},"content":{"rendered":"\n<div style=\"height:60px\" aria-hidden=\"true\" class=\"wp-block-spacer\"><\/div>\n\n\n\n<div class=\"wp-block-columns\">\n<div class=\"wp-block-column\" style=\"flex-basis:33.33%\">\n<figure class=\"wp-block-image size-large is-resized is-style-default\"><img loading=\"lazy\" src=\"https:\/\/bis-art.com\/wp-content\/uploads\/2021\/08\/BIS-AtelierDessin-NB.jpg\" alt=\"\" class=\"wp-image-1972\" width=\"300\" height=\"300\" srcset=\"https:\/\/bis-art.com\/wp-content\/uploads\/2021\/08\/BIS-AtelierDessin-NB.jpg 500w, https:\/\/bis-art.com\/wp-content\/uploads\/2021\/08\/BIS-AtelierDessin-NB-300x300.jpg 300w, https:\/\/bis-art.com\/wp-content\/uploads\/2021\/08\/BIS-AtelierDessin-NB-150x150.jpg 150w\" sizes=\"(max-width: 300px) 100vw, 300px\" \/><\/figure>\n<\/div>\n\n\n\n<div class=\"wp-block-column\" style=\"flex-basis:66.66%\">\n<h2>Ateliers enfants &#8211; m\u00e9diation artistique<\/h2>\n<p>BIS propose chaque jour, jusqu&#8217;au 28 ao\u00fbt, des ateliers de pratique artistique anim\u00e9s par les m\u00e9diateurs de la Biennale.<br \/>Les ateliers commencent par un parcours de dix minutes dans le village \u00e0 la d\u00e9couverte des \u0153uvres pr\u00e9sent\u00e9es par la Biennale.<\/p>\n<p>Lundi, mardi, jeudi et vendredi : <strong><span style=\"color: #b12763;\">activit\u00e9 de dessin<\/span><\/strong> de 14h30 \u00e0 15h30<br \/>Mercredi et samedi : <strong><span style=\"color: #b12763;\">atelier de modelage<\/span><\/strong> de 14h30 \u00e0 17h00<\/p>\n<p>Exp\u00e9rimentation de nouvelles formes, lib\u00e9ration du geste artistique des enfants :\u00a0 &#8220;Dans l\u2019art aucune r\u00e9ponse n\u2019est mauvaise&#8221;\u00a0 insiste Aude, une des quatre m\u00e9diateurs de la Biennale.<\/p>\n<p>Rendez-vous dans la cour de l&#8217;Espace Verdet, Place de l&#8217;Hospice \u00e0 Saint-Paul de Vence.<br \/>Ateliers gratuits &#8211; R\u00e9servation souhait\u00e9e : <span style=\"color: #b12763;\"><a style=\"color: #b12763;\" href=\"mailto:bis@bis-art.com\">bis@bis-art.com<\/a><\/span><\/p>\n<p>\u00a0<\/p>\n<\/div>\n<\/div>\n\n\n\n<div style=\"height:60px\" aria-hidden=\"true\" class=\"wp-block-spacer\"><\/div>\n","protected":false},"excerpt":{"rendered":"<p>Ateliers enfants &#8211; m\u00e9diation artistique BIS propose chaque jour, jusqu&#8217;au 28 ao\u00fbt, des ateliers de pratique artistique anim\u00e9s par les m\u00e9diateurs de la Biennale.Les ateliers commencent par un parcours de dix minutes dans le village \u00e0 la d\u00e9couverte des \u0153uvres pr\u00e9sent\u00e9es par la Biennale. Lundi, mardi, jeudi et vendredi : activit\u00e9 de dessin de 14h30 &hellip;<\/p>\n<p class=\"read-more\"> <a class=\"\" href=\"https:\/\/bis-art.com\/index.php\/2021\/08\/12\/ateliers-artistiques\/\"> <span class=\"screen-reader-text\">Ateliers artistiques<\/span> Lire la suite \u00bb<\/a><\/p>\n","protected":false},"author":1,"featured_media":0,"comment_status":"closed","ping_status":"closed","sticky":false,"template":"","format":"standard","meta":{"site-sidebar-layout":"default","site-content-layout":"default","ast-global-header-display":"","ast-main-header-display":"","ast-hfb-above-header-display":"","ast-hfb-below-header-display":"","ast-hfb-mobile-header-display":"","site-post-title":"","ast-breadcrumbs-content":"","ast-featured-img":"","footer-sml-layout":"","theme-transparent-header-meta":"default","adv-header-id-meta":"","stick-header-meta":"default","header-above-stick-meta":"","header-main-stick-meta":"","header-below-stick-meta":""},"categories":[28],"tags":[],"_links":{"self":[{"href":"https:\/\/bis-art.com\/index.php\/wp-json\/wp\/v2\/posts\/1971"}],"collection":[{"href":"https:\/\/bis-art.com\/index.php\/wp-json\/wp\/v2\/posts"}],"about":[{"href":"https:\/\/bis-art.com\/index.php\/wp-json\/wp\/v2\/types\/post"}],"author":[{"embeddable":true,"href":"https:\/\/bis-art.com\/index.php\/wp-json\/wp\/v2\/users\/1"}],"replies":[{"embeddable":true,"href":"https:\/\/bis-art.com\/index.php\/wp-json\/wp\/v2\/comments?post=1971"}],"version-history":[{"count":3,"href":"https:\/\/bis-art.com\/index.php\/wp-json\/wp\/v2\/posts\/1971\/revisions"}],"predecessor-version":[{"id":1982,"href":"https:\/\/bis-art.com\/index.php\/wp-json\/wp\/v2\/posts\/1971\/revisions\/1982"}],"wp:attachment":[{"href":"https:\/\/bis-art.com\/index.php\/wp-json\/wp\/v2\/media?parent=1971"}],"wp:term":[{"taxonomy":"category","embeddable":true,"href":"https:\/\/bis-art.com\/index.php\/wp-json\/wp\/v2\/categories?post=1971"},{"taxonomy":"post_tag","embeddable":true,"href":"https:\/\/bis-art.com\/index.php\/wp-json\/wp\/v2\/tags?post=1971"}],"curies":[{"name":"wp","href":"https:\/\/api.w.org\/{rel}","templated":true}]}}