{"id":2491,"date":"2023-04-15T19:14:00","date_gmt":"2023-04-15T17:14:00","guid":{"rendered":"https:\/\/bis-art.com\/?p=2491"},"modified":"2023-05-30T16:06:15","modified_gmt":"2023-05-30T14:06:15","slug":"bis-edition-2023","status":"publish","type":"post","link":"https:\/\/bis-art.com\/index.php\/2023\/04\/15\/bis-edition-2023\/","title":{"rendered":"BIS \u00c9dition 2023"},"content":{"rendered":"\n<div style=\"height:60px\" aria-hidden=\"true\" class=\"wp-block-spacer\"><\/div>\n\n\n\n<div class=\"wp-block-columns\">\n<div class=\"wp-block-column\" style=\"flex-basis:33.33%\">\n<figure class=\"wp-block-image size-full is-style-default\"><img loading=\"lazy\" width=\"800\" height=\"800\" src=\"https:\/\/bis-art.com\/wp-content\/uploads\/2023\/04\/BIS23Affiche.jpg\" alt=\"\" class=\"wp-image-2842\" srcset=\"https:\/\/bis-art.com\/wp-content\/uploads\/2023\/04\/BIS23Affiche.jpg 800w, https:\/\/bis-art.com\/wp-content\/uploads\/2023\/04\/BIS23Affiche-300x300.jpg 300w, https:\/\/bis-art.com\/wp-content\/uploads\/2023\/04\/BIS23Affiche-150x150.jpg 150w, https:\/\/bis-art.com\/wp-content\/uploads\/2023\/04\/BIS23Affiche-768x768.jpg 768w\" sizes=\"(max-width: 800px) 100vw, 800px\" \/><\/figure>\n<\/div>\n\n\n\n<div class=\"wp-block-column\" style=\"flex-basis:66.66%\">\n<h2>03.06 &gt; 01.10.2023<\/h2>\n<div class=\"page\" title=\"Page 1\">\n<div class=\"layoutArea\">\n<div class=\"column\">\n<p>Sous la pr\u00e9sidence d\u2019Olivier Kaeppelin et le commissariat artistique de Ludovic Delalande et Claire Staebler, la Biennale Internationale Saint-Paul de Vence revient pour sa troisi\u00e8me \u00e9dition du 3 juin au 1er octobre 2023. Apr\u00e8s une premi\u00e8re \u00e9dition pr\u00e9sentant les \u0153uvres d\u2019artistes internationaux et une seconde consacr\u00e9e \u00e0 celles de jeunes artistes, la troisi\u00e8me \u00e9dition de BIS invite pendant quatre mois douze artistes d\u2019origines et de g\u00e9n\u00e9rations diff\u00e9rentes, qui investiront les espaces publics du village patrimonial de Saint-Paul de Vence.<\/p>\n<div class=\"page\" title=\"Page 1\">\n<div class=\"layoutArea\">\n<div class=\"column\">\n<p>La Biennale a demand\u00e9 \u00e0 Ludovic Delalande, historien d\u2019art et commissaire d\u2019exposition et \u00e0 Claire Staebler, directrice des Frac Pays de la Loire \u00e0 Nantes et Carquefou, d\u2019assurer le commissariat artistique de cette nouvelle \u00e9dition.<\/p>\n<div class=\"page\" title=\"Page 2\">\n<div class=\"layoutArea\">\n<div class=\"column\">\n<p>La m\u00e9diation sera au c\u0153ur du projet artistique et culturel de cette \u00e9dition afin de sensibiliser tous les publics \u00e0 l\u2019art contemporain. Des actions \u00e9ducatives sp\u00e9cifiques seront organis\u00e9es aussi bien pour les publics scolaires que pour les publics emp\u00each\u00e9s. Par ailleurs, le Parcours des galeries saint-pauloises, opportunit\u00e9 d\u2019\u00e9changes et d\u2019\u00e9mulation artistique, sera d\u00e9velopp\u00e9. Chaque galerie participante pr\u00e9sentera dans son espace un artiste de son choix, qu\u2019elle mettra en lumi\u00e8re le temps de la Biennale.&nbsp;&nbsp;<\/p>\n<\/div>\n<\/div>\n<\/div>\n<\/div>\n<\/div>\n<\/div>\n<\/div>\n<\/div>\n<\/div>\n\n\n\n<div style=\"height:15px\" aria-hidden=\"true\" class=\"wp-block-spacer\"><\/div>\n\n\n\n<hr class=\"wp-block-separator has-text-color has-background has-ast-global-color-0-background-color has-ast-global-color-0-color is-style-wide\"\/>\n\n\n\n<div style=\"height:15px\" aria-hidden=\"true\" class=\"wp-block-spacer\"><\/div>\n\n\n\n<h2><em>03.06 &gt; 01.10.2023<\/em><\/h2>\n<p><em>Under the presidency of Olivier Kaeppelin and the artistic curatorship of Ludovic Delalande and Claire Staebler, the Saint-Paul de Vence International Biennial returns for its third edition from 3 June to 1 October 2023. After a first edition presenting the works of international artists and a second devoted to those of young artists, the third edition of BIS invites twelve artists of different origins and generations to take over the public spaces of the heritage village of Saint-Paul de Vence for four months.<\/em><\/p>\n<p><em>The Biennial has asked Ludovic Delalande, art historian and exhibition curator, and Claire Staebler, director of the Frac Pays de la Loire in Nantes and Carquefou, to be the artistic curators for this new edition.<\/em><\/p>\n<p><em>Mediation will be at the heart of the artistic and cultural project of this edition in order to raise awareness of contemporary art among all audiences. Specific educational activities will be organised for both school audiences and the disabled. In addition, the Saint Paul galleries&#8217; tour, an opportunity for exchange and artistic emulation, will be developed. Each participating gallery will present an artist of its choice in its space, which it will highlight during the Biennial.<\/em><\/p>\n<\/div>\n<\/div>\n\n\n\n<div style=\"height:20px\" aria-hidden=\"true\" class=\"wp-block-spacer\"><\/div>\n\n\n\n<hr class=\"wp-block-separator has-text-color has-background has-ast-global-color-0-background-color has-ast-global-color-0-color is-style-wide\"\/>\n\n\n\n<div style=\"height:20px\" aria-hidden=\"true\" class=\"wp-block-spacer\"><\/div>\n\n\n<p><span style=\"color: #4b86c7;\"><a style=\"color: #4b86c7;\" href=\"https:\/\/bis-art.com\/index.php\/agenda\/\"><strong>&gt; &nbsp;Retour Agenda<\/strong><\/a><\/span><\/p>\n\n\n<div style=\"height:30px\" aria-hidden=\"true\" class=\"wp-block-spacer\"><\/div>\n\n\n\n<p><\/p>\n","protected":false},"excerpt":{"rendered":"<p> 03.06 > 01.10.2023<\/p>\n<p>Sous la pr\u00e9sidence d\u2019Olivier Kaeppelin et le commissariat artistique de Ludovic Delalande et Claire Staebler, la Biennale Internationale Saint-Paul de Vence revient pour sa troisi\u00e8me \u00e9dition.<\/p>\n","protected":false},"author":1,"featured_media":0,"comment_status":"closed","ping_status":"closed","sticky":false,"template":"","format":"standard","meta":{"site-sidebar-layout":"default","site-content-layout":"default","ast-global-header-display":"","ast-main-header-display":"","ast-hfb-above-header-display":"","ast-hfb-below-header-display":"","ast-hfb-mobile-header-display":"","site-post-title":"","ast-breadcrumbs-content":"","ast-featured-img":"","footer-sml-layout":"","theme-transparent-header-meta":"","adv-header-id-meta":"","stick-header-meta":"","header-above-stick-meta":"","header-main-stick-meta":"","header-below-stick-meta":""},"categories":[31],"tags":[],"_links":{"self":[{"href":"https:\/\/bis-art.com\/index.php\/wp-json\/wp\/v2\/posts\/2491"}],"collection":[{"href":"https:\/\/bis-art.com\/index.php\/wp-json\/wp\/v2\/posts"}],"about":[{"href":"https:\/\/bis-art.com\/index.php\/wp-json\/wp\/v2\/types\/post"}],"author":[{"embeddable":true,"href":"https:\/\/bis-art.com\/index.php\/wp-json\/wp\/v2\/users\/1"}],"replies":[{"embeddable":true,"href":"https:\/\/bis-art.com\/index.php\/wp-json\/wp\/v2\/comments?post=2491"}],"version-history":[{"count":5,"href":"https:\/\/bis-art.com\/index.php\/wp-json\/wp\/v2\/posts\/2491\/revisions"}],"predecessor-version":[{"id":2844,"href":"https:\/\/bis-art.com\/index.php\/wp-json\/wp\/v2\/posts\/2491\/revisions\/2844"}],"wp:attachment":[{"href":"https:\/\/bis-art.com\/index.php\/wp-json\/wp\/v2\/media?parent=2491"}],"wp:term":[{"taxonomy":"category","embeddable":true,"href":"https:\/\/bis-art.com\/index.php\/wp-json\/wp\/v2\/categories?post=2491"},{"taxonomy":"post_tag","embeddable":true,"href":"https:\/\/bis-art.com\/index.php\/wp-json\/wp\/v2\/tags?post=2491"}],"curies":[{"name":"wp","href":"https:\/\/api.w.org\/{rel}","templated":true}]}}