{"id":2755,"date":"2023-06-01T14:43:00","date_gmt":"2023-06-01T12:43:00","guid":{"rendered":"https:\/\/bis-art.com\/?p=2755"},"modified":"2023-11-25T16:43:37","modified_gmt":"2023-11-25T15:43:37","slug":"ateliers","status":"publish","type":"post","link":"https:\/\/bis-art.com\/index.php\/2023\/06\/01\/ateliers\/","title":{"rendered":"Ateliers"},"content":{"rendered":"\n<div style=\"height:60px\" aria-hidden=\"true\" class=\"wp-block-spacer\"><\/div>\n\n\n\n<div class=\"wp-block-columns\">\n<div class=\"wp-block-column\" style=\"flex-basis:33.33%\">\n<figure class=\"wp-block-image size-large is-style-default\"><img loading=\"lazy\" width=\"800\" height=\"800\" src=\"https:\/\/bis-art.com\/wp-content\/uploads\/2023\/05\/Atelier-Cree-ton-masque-2.jpg\" alt=\"\" class=\"wp-image-3312\" srcset=\"https:\/\/bis-art.com\/wp-content\/uploads\/2023\/05\/Atelier-Cree-ton-masque-2.jpg 800w, https:\/\/bis-art.com\/wp-content\/uploads\/2023\/05\/Atelier-Cree-ton-masque-2-300x300.jpg 300w, https:\/\/bis-art.com\/wp-content\/uploads\/2023\/05\/Atelier-Cree-ton-masque-2-150x150.jpg 150w, https:\/\/bis-art.com\/wp-content\/uploads\/2023\/05\/Atelier-Cree-ton-masque-2-768x768.jpg 768w\" sizes=\"(max-width: 800px) 100vw, 800px\" \/><\/figure>\n<\/div>\n\n\n\n<div class=\"wp-block-column\" style=\"flex-basis:66.66%\">\n<h2>Ateliers d\u00e8s 3 ans &#8211; enfants et famille<\/h2>\n<p>Pendant toute la dur\u00e9e de l\u2019exposition, une \u00e9quipe de m\u00e9diation est \u00e0 votre disposition pour vous renseigner, vous guider et proposer des ateliers \u00e0 vivre en famille ou entre amis, ou en groupe (sur r\u00e9servation).<\/p>\n<p>En s\u2019inspirant des techniques ma\u00eetris\u00e9es par les artistes, de fa\u00e7on ludique, et toujours en lien avec les oiseaux, des ateliers de pratique artistique vous plongent dans l\u2019univers de nos amis \u00e0 plumes et dans les \u00e9tapes de la cr\u00e9ation.<\/p>\n<p><strong>&gt; Tous les samedis \u00e0 9h30 et 14h30<\/strong>, r\u00e9servation obligatoire : <a href=\"https:\/\/www.helloasso.com\/associations\/association-biennale-internationale-saint-paul-de\/evenements\/atelier-artistique\" target=\"_blank\" rel=\"noopener\">Plateforme de r\u00e9servation HelloAsso<\/a> <br>&gt; Sur r\u00e9servation pour les groupes scolaires, les associations ou les entreprises : <a class=\"moz-txt-link-abbreviated\" href=\"mailto:mediation@bis-art.com\">mediation@bis-art.com<\/a><\/p>\n<p><a href=\"https:\/\/bis-art.com\/index.php\/mediation\/\">&gt; Plus d&#8217;infos&nbsp;<\/a><\/p>\n\n\n\n<div style=\"height:20px\" aria-hidden=\"true\" class=\"wp-block-spacer\"><\/div>\n\n\n\n<p><a href=\"https:\/\/bis-art.com\/index.php\/2023\/05\/01\/visites-guidees\/\"><strong>&gt; Visites guid\u00e9e tous les jeudis et samedis \u00e0 17h, vendredis \u00e0 18h<\/strong><\/a><\/p>\n\n\n\n<div style=\"height:20px\" aria-hidden=\"true\" class=\"wp-block-spacer\"><\/div>\n\n\n\n<hr class=\"wp-block-separator has-text-color has-background has-ast-global-color-0-background-color has-ast-global-color-0-color is-style-wide\"\/>\n\n\n\n<div style=\"height:15px\" aria-hidden=\"true\" class=\"wp-block-spacer\"><\/div>\n\n\n\n<h2><em>Workshops from 3 years old &#8211; children and family<\/em><\/h2>\n<p><em>For the duration of the exhibition, a mediation team is at your disposal to inform you, guide you and propose workshops to follow with your family or friends, or in groups (by reservation).<\/em><\/p>\n<p><em>Inspired by the techniques mastered by the artists and following the theme of birds, dive into creation in a simple and playful way.<\/em><\/p>\n<p><em><strong>&gt; Every Saturday at 9:30am and 2:30pm<\/strong>, reservation required : <a href=\"https:\/\/www.helloasso.com\/associations\/association-biennale-internationale-saint-paul-de\/evenements\/atelier-artistique\" target=\"_blank\" rel=\"noopener\">HelloAsso booking platform<\/a>&nbsp;<\/em><br><em>&gt; By reservation for school groups, associations or companies: <span style=\"color: #4b86c7;\"><a style=\"color: #4b86c7;\" href=\"mailto:mediation@bis-art.com\">mediation@bis-art.com<\/a><\/span><\/em><\/p>\n<p><a href=\"https:\/\/bis-art.com\/index.php\/mediation\/\">&gt; More information<\/a><\/p>\n\n\n\n<div style=\"height:20px\" aria-hidden=\"true\" class=\"wp-block-spacer\"><\/div>\n\n\n\n<p><a href=\"https:\/\/bis-art.com\/index.php\/2023\/05\/01\/visites-guidees\/\"><strong>&gt; Guided tours every Thursday and Saturday at 5pm, Friday at 6pm<\/strong><\/a><\/p>\n\n\n\n<div style=\"height:20px\" aria-hidden=\"true\" class=\"wp-block-spacer\"><\/div>\n\n\n\n<p><\/p>\n<\/div>\n<\/div>\n\n\n\n<div style=\"height:20px\" aria-hidden=\"true\" class=\"wp-block-spacer\"><\/div>\n\n\n\n<hr class=\"wp-block-separator has-text-color has-background has-ast-global-color-0-background-color has-ast-global-color-0-color is-style-wide\"\/>\n\n\n\n<div style=\"height:20px\" aria-hidden=\"true\" class=\"wp-block-spacer\"><\/div>\n\n\n\n<div style=\"height:30px\" aria-hidden=\"true\" class=\"wp-block-spacer\"><\/div>\n\n\n\n<p><\/p>\n","protected":false},"excerpt":{"rendered":"<p>Ateliers d\u00e8s 3 ans &#8211; enfants et famille Pendant toute la dur\u00e9e de l\u2019exposition, une \u00e9quipe de m\u00e9diation est \u00e0 votre disposition pour vous renseigner, vous guider et proposer des ateliers \u00e0 vivre en famille ou entre amis, ou en groupe (sur r\u00e9servation). En s\u2019inspirant des techniques ma\u00eetris\u00e9es par les artistes, de fa\u00e7on ludique, et &hellip;<\/p>\n<p class=\"read-more\"> <a class=\"\" href=\"https:\/\/bis-art.com\/index.php\/2023\/06\/01\/ateliers\/\"> <span class=\"screen-reader-text\">Ateliers<\/span> Lire la suite \u00bb<\/a><\/p>\n","protected":false},"author":1,"featured_media":0,"comment_status":"closed","ping_status":"closed","sticky":false,"template":"","format":"standard","meta":{"site-sidebar-layout":"default","site-content-layout":"default","ast-global-header-display":"","ast-main-header-display":"","ast-hfb-above-header-display":"","ast-hfb-below-header-display":"","ast-hfb-mobile-header-display":"","site-post-title":"disabled","ast-breadcrumbs-content":"","ast-featured-img":"","footer-sml-layout":"","theme-transparent-header-meta":"","adv-header-id-meta":"","stick-header-meta":"","header-above-stick-meta":"","header-main-stick-meta":"","header-below-stick-meta":""},"categories":[28,31],"tags":[],"_links":{"self":[{"href":"https:\/\/bis-art.com\/index.php\/wp-json\/wp\/v2\/posts\/2755"}],"collection":[{"href":"https:\/\/bis-art.com\/index.php\/wp-json\/wp\/v2\/posts"}],"about":[{"href":"https:\/\/bis-art.com\/index.php\/wp-json\/wp\/v2\/types\/post"}],"author":[{"embeddable":true,"href":"https:\/\/bis-art.com\/index.php\/wp-json\/wp\/v2\/users\/1"}],"replies":[{"embeddable":true,"href":"https:\/\/bis-art.com\/index.php\/wp-json\/wp\/v2\/comments?post=2755"}],"version-history":[{"count":13,"href":"https:\/\/bis-art.com\/index.php\/wp-json\/wp\/v2\/posts\/2755\/revisions"}],"predecessor-version":[{"id":3516,"href":"https:\/\/bis-art.com\/index.php\/wp-json\/wp\/v2\/posts\/2755\/revisions\/3516"}],"wp:attachment":[{"href":"https:\/\/bis-art.com\/index.php\/wp-json\/wp\/v2\/media?parent=2755"}],"wp:term":[{"taxonomy":"category","embeddable":true,"href":"https:\/\/bis-art.com\/index.php\/wp-json\/wp\/v2\/categories?post=2755"},{"taxonomy":"post_tag","embeddable":true,"href":"https:\/\/bis-art.com\/index.php\/wp-json\/wp\/v2\/tags?post=2755"}],"curies":[{"name":"wp","href":"https:\/\/api.w.org\/{rel}","templated":true}]}}