{"id":2839,"date":"2023-05-30T15:59:49","date_gmt":"2023-05-30T13:59:49","guid":{"rendered":"https:\/\/bis-art.com\/?p=2839"},"modified":"2023-06-07T10:06:30","modified_gmt":"2023-06-07T08:06:30","slug":"16-06-2023","status":"publish","type":"post","link":"https:\/\/bis-art.com\/index.php\/2023\/05\/30\/16-06-2023\/","title":{"rendered":"16.06.2023"},"content":{"rendered":"\n<div style=\"height:60px\" aria-hidden=\"true\" class=\"wp-block-spacer\"><\/div>\n\n\n\n<div class=\"wp-block-columns\">\n<div class=\"wp-block-column\" style=\"flex-basis:33.33%\">\n<figure class=\"wp-block-image size-large is-style-default\"><img loading=\"lazy\" width=\"512\" height=\"512\" src=\"https:\/\/bis-art.com\/wp-content\/uploads\/2023\/05\/8_1_10_Tadashi_KAWAMATA_Nests_in_Saint-Paul-de-Vence_2023_Courtesy_of_the_artist_and_Mennour_Paris_Photo_Frederic_PASQUINI.jpeg\" alt=\"\" class=\"wp-image-2855\" srcset=\"https:\/\/bis-art.com\/wp-content\/uploads\/2023\/05\/8_1_10_Tadashi_KAWAMATA_Nests_in_Saint-Paul-de-Vence_2023_Courtesy_of_the_artist_and_Mennour_Paris_Photo_Frederic_PASQUINI.jpeg 512w, https:\/\/bis-art.com\/wp-content\/uploads\/2023\/05\/8_1_10_Tadashi_KAWAMATA_Nests_in_Saint-Paul-de-Vence_2023_Courtesy_of_the_artist_and_Mennour_Paris_Photo_Frederic_PASQUINI-300x300.jpeg 300w, https:\/\/bis-art.com\/wp-content\/uploads\/2023\/05\/8_1_10_Tadashi_KAWAMATA_Nests_in_Saint-Paul-de-Vence_2023_Courtesy_of_the_artist_and_Mennour_Paris_Photo_Frederic_PASQUINI-150x150.jpeg 150w\" sizes=\"(max-width: 512px) 100vw, 512px\" \/><\/figure>\n<\/div>\n\n\n\n<div class=\"wp-block-column\" style=\"flex-basis:66.66%\">\n<h2>Parce que les oiseaux<\/h2>\n<p style=\"font-weight: 400;\"><strong>Voyage autour des \u0153uvres de la BIS <br \/>ou comment l\u2019art vient au chevet du vivant.<\/strong><\/p>\n<p style=\"font-weight: 400;\">Le th\u00e8me les oiseaux traverse l\u2019art et l\u2019imaginaire humain depuis des si\u00e8cles, et il est aujourd\u2019hui plus que jamais d\u2019actualit\u00e9, notamment suite aux chiffres \u00e9difiants d\u00e9livr\u00e9s en mai de cette ann\u00e9e au sujet de leur disparition massive.<\/p>\n<p style=\"font-weight: 400;\">Les artistes dont nous pr\u00e9sentons les \u0153uvres nous proposent des rencontres, qu\u2019ils ont imagin\u00e9es, avec l\u2019univers des oiseaux. Ils se sont empar\u00e9s de th\u00e9matiques li\u00e9es aux pr\u00e9occupations\u00a0de climat, d\u2019habitat, de disparition des esp\u00e8ces, \u2026\u00a0 et partagent avec nous, \u00e0 travers leurs \u0153uvres, leurs questionnements et leurs id\u00e9es.<\/p>\n<p style=\"font-weight: 400;\">Lors de cette visite \u00ab\u00a0augment\u00e9e\u00a0\u00bb, la discussion au fil des \u0153uvres nous permettra d\u2019aborder ces th\u00e8mes environnementaux avec l\u2019expertise du CEN PACA, de la LPO et de l\u2019association PACA pour demain.<\/p>\n<p class=\"p1\"><span class=\"s1\">Espace Verdet, place de l&#8217;Hospice \u00e0 Saint-Paul-de-Vence, \u00e0 18h<br \/><\/span><span class=\"s1\">En partenariat avec la Mairie de Saint-Paul-de-Vence, la Ligue de protection des oiseaux (LPO), le Conservatoire d\u2019espaces naturels Provence-Alpes-C\u00f4te d\u2019Azur et l\u2019association PACA pour Demain. <br \/><\/span><span class=\"s1\">Acc\u00e8s libre.<\/span><\/p>\n<p class=\"p1\"><span class=\"s1\">Inscription recommand\u00e9e : <a href=\"https:\/\/www.helloasso.com\/associations\/association-biennale-internationale-saint-paul-de\/evenements\/table-ronde-parce-que-les-oiseaux\" target=\"_blank\" rel=\"noopener\">Plateforme de r\u00e9servation<\/a><\/span><\/p>\n\n\n\n<div style=\"height:15px\" aria-hidden=\"true\" class=\"wp-block-spacer\"><\/div>\n\n\n\n<hr class=\"wp-block-separator has-text-color has-background has-ast-global-color-0-background-color has-ast-global-color-0-color is-style-wide\"\/>\n\n\n\n<div style=\"height:15px\" aria-hidden=\"true\" class=\"wp-block-spacer\"><\/div>\n\n\n\n<h2><em>Because birds<\/em><\/h2>\n<p><strong><em>Journey around the works of BIS <\/em><\/strong><br \/><strong><em>or how art comes to the bedside of the living.<\/em><\/strong><\/p>\n<p><em>The theme of birds has permeated art and the human imagination for centuries, and today it is more topical than ever, particularly in the wake of the edifying figures released in May this year on their mass extinction.<\/em><\/p>\n<p><em>The artists whose work we are presenting offer us encounters with the world of birds that they have imagined. They have taken up themes linked to concerns about climate, habitat and the disappearance of species, and are sharing their questions and ideas with us through their works.<\/em><\/p>\n<p><em>During this &#8220;enhanced&#8221; visit, we&#8217;ll be discussing these environmental themes as we go along, with the expertise of the CEN PACA, the LPO and the PACA pour demain association.<\/em><\/p>\n<p><em>Espace Verdet, place de l&#8217;Hospice, Saint-Paul-de-Vence, 6pm<\/em><br \/><em>In partnership with the Mairie de Saint-Paul-de-Vence, the Ligue de protection des oiseaux (LPO), the Conservatoire d&#8217;espaces naturels Provence-Alpes-C\u00f4te d&#8217;Azur and the association PACA pour Demain.<\/em><br \/><em>Free admission.<\/em><\/p>\n<p><em>Registration recommended: <a href=\"https:\/\/www.helloasso.com\/associations\/association-biennale-internationale-saint-paul-de\/evenements\/table-ronde-parce-que-les-oiseaux\" target=\"_blank\" rel=\"noopener\">Booking platform<\/a><\/em><\/p>\n<\/div>\n<\/div>\n\n\n\n<div style=\"height:20px\" aria-hidden=\"true\" class=\"wp-block-spacer\"><\/div>\n\n\n\n<hr class=\"wp-block-separator has-text-color has-background has-ast-global-color-0-background-color has-ast-global-color-0-color is-style-wide\"\/>\n\n\n\n<div style=\"height:20px\" aria-hidden=\"true\" class=\"wp-block-spacer\"><\/div>\n\n\n<p><strong><span style=\"color: #4b86c7;\"><a style=\"color: #4b86c7;\" href=\"https:\/\/bis-art.com\/index.php\/agenda\/\">&gt; Retour Agenda<\/a><\/span><\/strong><\/p>\n\n\n<div style=\"height:30px\" aria-hidden=\"true\" class=\"wp-block-spacer\"><\/div>\n\n\n\n<p><\/p>\n","protected":false},"excerpt":{"rendered":"<p>Parce que les oiseaux Voyage autour des \u0153uvres de la BIS ou comment l\u2019art vient au chevet du vivant. Le th\u00e8me les oiseaux traverse l\u2019art et l\u2019imaginaire humain depuis des si\u00e8cles, et il est aujourd\u2019hui plus que jamais d\u2019actualit\u00e9, notamment suite aux chiffres \u00e9difiants d\u00e9livr\u00e9s en mai de cette ann\u00e9e au sujet de leur disparition &hellip;<\/p>\n<p class=\"read-more\"> <a class=\"\" href=\"https:\/\/bis-art.com\/index.php\/2023\/05\/30\/16-06-2023\/\"> <span class=\"screen-reader-text\">16.06.2023<\/span> Lire la suite \u00bb<\/a><\/p>\n","protected":false},"author":1,"featured_media":0,"comment_status":"closed","ping_status":"closed","sticky":false,"template":"","format":"standard","meta":{"site-sidebar-layout":"default","site-content-layout":"default","ast-global-header-display":"","ast-main-header-display":"","ast-hfb-above-header-display":"","ast-hfb-below-header-display":"","ast-hfb-mobile-header-display":"","site-post-title":"disabled","ast-breadcrumbs-content":"","ast-featured-img":"","footer-sml-layout":"","theme-transparent-header-meta":"","adv-header-id-meta":"","stick-header-meta":"","header-above-stick-meta":"","header-main-stick-meta":"","header-below-stick-meta":""},"categories":[31],"tags":[],"_links":{"self":[{"href":"https:\/\/bis-art.com\/index.php\/wp-json\/wp\/v2\/posts\/2839"}],"collection":[{"href":"https:\/\/bis-art.com\/index.php\/wp-json\/wp\/v2\/posts"}],"about":[{"href":"https:\/\/bis-art.com\/index.php\/wp-json\/wp\/v2\/types\/post"}],"author":[{"embeddable":true,"href":"https:\/\/bis-art.com\/index.php\/wp-json\/wp\/v2\/users\/1"}],"replies":[{"embeddable":true,"href":"https:\/\/bis-art.com\/index.php\/wp-json\/wp\/v2\/comments?post=2839"}],"version-history":[{"count":3,"href":"https:\/\/bis-art.com\/index.php\/wp-json\/wp\/v2\/posts\/2839\/revisions"}],"predecessor-version":[{"id":2858,"href":"https:\/\/bis-art.com\/index.php\/wp-json\/wp\/v2\/posts\/2839\/revisions\/2858"}],"wp:attachment":[{"href":"https:\/\/bis-art.com\/index.php\/wp-json\/wp\/v2\/media?parent=2839"}],"wp:term":[{"taxonomy":"category","embeddable":true,"href":"https:\/\/bis-art.com\/index.php\/wp-json\/wp\/v2\/categories?post=2839"},{"taxonomy":"post_tag","embeddable":true,"href":"https:\/\/bis-art.com\/index.php\/wp-json\/wp\/v2\/tags?post=2839"}],"curies":[{"name":"wp","href":"https:\/\/api.w.org\/{rel}","templated":true}]}}